{"id":11714,"date":"2017-11-06T10:16:55","date_gmt":"2017-11-06T10:16:55","guid":{"rendered":"http:\/\/www.kvke.hu\/?p=11714"},"modified":"2017-11-06T10:16:55","modified_gmt":"2017-11-06T10:16:55","slug":"a-miniszterelnokseg-agrar-videkfejlesztesi-programokert-felelos-helyettes-allamtitkarsaga-mint-emva-iranyito-hatosag-kozlemenye-a-leader-helyi-palyazati-felhivasok-megjeleneserol","status":"publish","type":"post","link":"https:\/\/www.kvke.hu\/?p=11714","title":{"rendered":"A Minisztereln\u00f6ks\u00e9g Agr\u00e1r-vid\u00e9kfejleszt\u00e9si Programok\u00e9rt Felel\u0151s Helyettes \u00c1llamtitk\u00e1rs\u00e1ga, mint EMVA Ir\u00e1ny\u00edt\u00f3 Hat\u00f3s\u00e1g K\u00f6zlem\u00e9nye a LEADER helyi p\u00e1ly\u00e1zati felh\u00edv\u00e1sok megjelen\u00e9s\u00e9r\u0151l"},"content":{"rendered":"<div class=\"field field-name-field-header field-type-text-long field-label-hidden\">\n<div class=\"field-items\">\n<div class=\"field-item even\"><img loading=\"lazy\" decoding=\"async\" class=\"rg_ic rg_i\" src=\"https:\/\/encrypted-tbn0.gstatic.com\/images?q=tbn:ANd9GcSp1Egv2yv_x4dyJ0jM43ev_BuVEomI2gbijunjIXXXQaHDukvP5w\" alt=\"K\u00e9ptal\u00e1lat a k\u00f6vetkez\u0151re: \u201eleader l\u00f3g\u00f3\u201d\" width=\"139\" height=\"95\" name=\"rRLQjPA01xlbsM:\" data-sz=\"f\" \/><\/div>\n<div class=\"field-item even\">A LEADER helyi p\u00e1ly\u00e1zati felh\u00edv\u00e1sok megjelen\u00e9se 2017. okt\u00f3ber 30.-\u00e1n megkezd\u0151d\u00f6tt. A felh\u00edv\u00e1sok a Magyar \u00c1llamkincst\u00e1r honlapj\u00e1n \u00e9rhet\u0151ek el, az al\u00e1bbi linken:<\/div>\n<\/div>\n<\/div>\n<div class=\"field field-name-body field-type-text-with-summary field-label-hidden\">\n<div class=\"field-items\">\n<div class=\"field-item even\">\n<p><a href=\"https:\/\/www.mvh.allamkincstar.gov.hu\/leader-helyi-felhivasok\">https:\/\/www.mvh.allamkincstar.gov.hu\/leader-helyi-felhivasok<\/a><\/p>\n<\/div>\n<\/div>\n<\/div>\n","protected":false},"excerpt":{"rendered":"<p>A LEADER helyi p\u00e1ly\u00e1zati felh\u00edv\u00e1sok megjelen\u00e9se 2017. okt\u00f3ber 30.-\u00e1n megkezd\u0151d\u00f6tt. A felh\u00edv\u00e1sok a Magyar \u00c1llamkincst\u00e1r honlapj\u00e1n \u00e9rhet\u0151ek el, az al\u00e1bbi linken: https:\/\/www.mvh.allamkincstar.gov.hu\/leader-helyi-felhivasok<\/p>\n","protected":false},"author":1,"featured_media":0,"comment_status":"closed","ping_status":"open","sticky":false,"template":"","format":"standard","meta":{"footnotes":""},"categories":[1],"tags":[],"class_list":["post-11714","post","type-post","status-publish","format-standard","hentry","category-egyeb"],"_links":{"self":[{"href":"https:\/\/www.kvke.hu\/index.php?rest_route=\/wp\/v2\/posts\/11714","targetHints":{"allow":["GET"]}}],"collection":[{"href":"https:\/\/www.kvke.hu\/index.php?rest_route=\/wp\/v2\/posts"}],"about":[{"href":"https:\/\/www.kvke.hu\/index.php?rest_route=\/wp\/v2\/types\/post"}],"author":[{"embeddable":true,"href":"https:\/\/www.kvke.hu\/index.php?rest_route=\/wp\/v2\/users\/1"}],"replies":[{"embeddable":true,"href":"https:\/\/www.kvke.hu\/index.php?rest_route=%2Fwp%2Fv2%2Fcomments&post=11714"}],"version-history":[{"count":1,"href":"https:\/\/www.kvke.hu\/index.php?rest_route=\/wp\/v2\/posts\/11714\/revisions"}],"predecessor-version":[{"id":11715,"href":"https:\/\/www.kvke.hu\/index.php?rest_route=\/wp\/v2\/posts\/11714\/revisions\/11715"}],"wp:attachment":[{"href":"https:\/\/www.kvke.hu\/index.php?rest_route=%2Fwp%2Fv2%2Fmedia&parent=11714"}],"wp:term":[{"taxonomy":"category","embeddable":true,"href":"https:\/\/www.kvke.hu\/index.php?rest_route=%2Fwp%2Fv2%2Fcategories&post=11714"},{"taxonomy":"post_tag","embeddable":true,"href":"https:\/\/www.kvke.hu\/index.php?rest_route=%2Fwp%2Fv2%2Ftags&post=11714"}],"curies":[{"name":"wp","href":"https:\/\/api.w.org\/{rel}","templated":true}]}}